{"id":12557,"date":"2024-09-10T08:40:48","date_gmt":"2024-09-10T06:40:48","guid":{"rendered":"https:\/\/manpowergroup.be\/?p=12557"},"modified":"2024-09-12T10:47:40","modified_gmt":"2024-09-12T08:47:40","slug":"les-incertitudes-economiques-continuent-dimpacter-les-plans-dembauche-des-employeurs-belges","status":"publish","type":"post","link":"https:\/\/manpowergroup.be\/fr\/2024\/09\/10\/les-incertitudes-economiques-continuent-dimpacter-les-plans-dembauche-des-employeurs-belges\/","title":{"rendered":"Les incertitudes \u00e9conomiques continuent d&rsquo;impacter les plans d&#8217;embauche  des employeurs belges"},"content":{"rendered":"<h3 style=\"text-align: center;\"><em>Le Barom\u00e8tre de l\u2019emploi de ManpowerGroup pour le 4e trimestre 2024 laisse appara\u00eetre des signes d\u2019am\u00e9lioration sur base trimestrielle (hausse de 2%). Cependant, \u00a0la Pr\u00e9vision Nette d\u2019Emploi pour la Belgique reste toujours en recul par rapport \u00e0 la m\u00eame p\u00e9riode l\u2019an dernier (baisse de 4%) et atteint +27%.<\/em><\/h3>\n<p>&nbsp;<\/p>\n<p><strong>Selon le Barom\u00e8tre de l\u2019emploi de ManpowerGroup publi\u00e9 ce jour, les employeurs \u00a0belges anticipent une activit\u00e9 de recrutement positive au cours du prochain trimestre.<\/strong> \u00a0En effet, sur les 530 employeurs sond\u00e9s en juillet par ManpowerGroup, 42% pr\u00e9voient d\u2019augmenter leurs effectifs d\u2019ici la fin du mois de d\u00e9cembre 2024, tandis que 15% d\u2019entre eux pr\u00e9voient de les r\u00e9duire. 42% des employeurs interrog\u00e9s n\u2019anticipent aucun changement. Apr\u00e8s correction des variations saisonni\u00e8res, <strong>la Pr\u00e9vision Nette d\u2019Emploi<\/strong><sup>(1) <\/sup>\u2013 ou le diff\u00e9rentiel entre le pourcentage d\u2019employeurs pr\u00e9voyant des embauches et le pourcentage de ceux pr\u00e9voyant des r\u00e9ductions d\u2019effectifs \u2013 \u00a0atteint la valeur de +27%. C\u2019est une l\u00e9g\u00e8re hausse de 2 points par rapport au trimestre pr\u00e9c\u00e9dent, mais une baisse de 4 points par rapport par rapport au 4e trimestre 2023.<\/p>\n<p>&nbsp;<\/p>\n<p><img fetchpriority=\"high\" decoding=\"async\" class=\"aligncenter wp-image-12600 size-large\" src=\"https:\/\/manpowergroup.be\/wp-content\/uploads\/2024\/09\/4_Outlook_-Belgium_Q424_-BEFR-1024x1024.png\" alt=\"\" width=\"1024\" height=\"1024\" srcset=\"https:\/\/manpowergroup.be\/wp-content\/uploads\/2024\/09\/4_Outlook_-Belgium_Q424_-BEFR-1024x1024.png 1024w, https:\/\/manpowergroup.be\/wp-content\/uploads\/2024\/09\/4_Outlook_-Belgium_Q424_-BEFR-300x300.png 300w, https:\/\/manpowergroup.be\/wp-content\/uploads\/2024\/09\/4_Outlook_-Belgium_Q424_-BEFR-150x150.png 150w, https:\/\/manpowergroup.be\/wp-content\/uploads\/2024\/09\/4_Outlook_-Belgium_Q424_-BEFR-768x768.png 768w, https:\/\/manpowergroup.be\/wp-content\/uploads\/2024\/09\/4_Outlook_-Belgium_Q424_-BEFR-1536x1536.png 1536w, https:\/\/manpowergroup.be\/wp-content\/uploads\/2024\/09\/4_Outlook_-Belgium_Q424_-BEFR-2048x2048.png 2048w, https:\/\/manpowergroup.be\/wp-content\/uploads\/2024\/09\/4_Outlook_-Belgium_Q424_-BEFR-146x146.png 146w, https:\/\/manpowergroup.be\/wp-content\/uploads\/2024\/09\/4_Outlook_-Belgium_Q424_-BEFR-50x50.png 50w, https:\/\/manpowergroup.be\/wp-content\/uploads\/2024\/09\/4_Outlook_-Belgium_Q424_-BEFR-75x75.png 75w, https:\/\/manpowergroup.be\/wp-content\/uploads\/2024\/09\/4_Outlook_-Belgium_Q424_-BEFR-85x85.png 85w, https:\/\/manpowergroup.be\/wp-content\/uploads\/2024\/09\/4_Outlook_-Belgium_Q424_-BEFR-80x80.png 80w\" sizes=\"(max-width: 1024px) 100vw, 1024px\" \/><\/p>\n<p>&nbsp;<\/p>\n<p><em>\u00ab Les r\u00e9sultats de notre Barom\u00e8tre indiquent que les employeurs belges pr\u00e9voient de continuer \u00e0 cr\u00e9er des emplois au cours du 4e trimestre 2024 \u00bb, explique S\u00e9bastien Delfosse, Managing Director de ManpowerGroup BeLux.\u00a0 \u00a0 \u00a0 \u00a0 \u00a0 \u00a0<strong>\u00ab Malgr\u00e9 une hausse de la Pr\u00e9vision Nette d\u2019Emploi pour le second trimestre cons\u00e9cutif, les employeurs se montrent n\u00e9anmoins moins confiants que lors de la m\u00eame p\u00e9riode l\u2019an dernier, en raison des incertitudes \u00e9conomiques persistantes.<\/strong> Ils sont contraints de s\u2019adapter, en se focalisant sur la consolidation et l\u2019acquisition des talents n\u00e9cessaires \u00e0 leur transformation et \u00e0 leur croissance. Le march\u00e9 de l\u2019emploi reste sous pression au niveau mondial. En effet, selon les donn\u00e9es r\u00e9colt\u00e9es aupr\u00e8s de 40.000 employeurs \u00e0 travers le monde, les intentions de recrutement sont en baisse par rapport \u00e0 l\u2019an dernier dans 30 des 42 pays \u00e9tudi\u00e9s au niveau mondial, et dans 15 des 23 pays de la r\u00e9gion EMEA. \u00bb<\/em><\/p>\n<p><em>\u00a0<\/em><\/p>\n<p><a href=\"https:\/\/manpowergroup.be\/wp-content\/uploads\/2024\/09\/5_Historic_-Outlook_-Belgium_Q424_-BEFR.png\" target=\"_blank\" rel=\"noopener\"><img decoding=\"async\" class=\"aligncenter wp-image-12603 size-large\" src=\"https:\/\/manpowergroup.be\/wp-content\/uploads\/2024\/09\/5_Historic_-Outlook_-Belgium_Q424_-BEFR-1024x1024.png\" alt=\"\" width=\"1024\" height=\"1024\" srcset=\"https:\/\/manpowergroup.be\/wp-content\/uploads\/2024\/09\/5_Historic_-Outlook_-Belgium_Q424_-BEFR-1024x1024.png 1024w, https:\/\/manpowergroup.be\/wp-content\/uploads\/2024\/09\/5_Historic_-Outlook_-Belgium_Q424_-BEFR-300x300.png 300w, https:\/\/manpowergroup.be\/wp-content\/uploads\/2024\/09\/5_Historic_-Outlook_-Belgium_Q424_-BEFR-150x150.png 150w, https:\/\/manpowergroup.be\/wp-content\/uploads\/2024\/09\/5_Historic_-Outlook_-Belgium_Q424_-BEFR-768x768.png 768w, https:\/\/manpowergroup.be\/wp-content\/uploads\/2024\/09\/5_Historic_-Outlook_-Belgium_Q424_-BEFR-1536x1536.png 1536w, https:\/\/manpowergroup.be\/wp-content\/uploads\/2024\/09\/5_Historic_-Outlook_-Belgium_Q424_-BEFR-2048x2048.png 2048w, https:\/\/manpowergroup.be\/wp-content\/uploads\/2024\/09\/5_Historic_-Outlook_-Belgium_Q424_-BEFR-146x146.png 146w, https:\/\/manpowergroup.be\/wp-content\/uploads\/2024\/09\/5_Historic_-Outlook_-Belgium_Q424_-BEFR-50x50.png 50w, https:\/\/manpowergroup.be\/wp-content\/uploads\/2024\/09\/5_Historic_-Outlook_-Belgium_Q424_-BEFR-75x75.png 75w, https:\/\/manpowergroup.be\/wp-content\/uploads\/2024\/09\/5_Historic_-Outlook_-Belgium_Q424_-BEFR-85x85.png 85w, https:\/\/manpowergroup.be\/wp-content\/uploads\/2024\/09\/5_Historic_-Outlook_-Belgium_Q424_-BEFR-80x80.png 80w\" sizes=\"(max-width: 1024px) 100vw, 1024px\" \/><\/a><\/p>\n<h2><\/h2>\n<h2><strong>Activit\u00e9 de recrutement plus dynamique \u00e0 Bruxelles <\/strong><\/h2>\n<p><strong>Les perspectives d&#8217;emploi sont positives dans les trois r\u00e9gions du pay<\/strong>s, avec une activit\u00e9 de recrutement plus dynamique attendue \u00e0 Bruxelles (+32%), suivie par la Flandre (+26%) et la Wallonie (+25%). Toutefois, un ralentissement des embauches est attendu dans les trois r\u00e9gions par rapport \u00e0 la m\u00eame p\u00e9riode l\u2019an dernier.<\/p>\n<p><strong>\u00a0<\/strong><\/p>\n<p><a href=\"https:\/\/manpowergroup.be\/wp-content\/uploads\/2024\/09\/6_Regions_-Outlook_-Belgium_Q324_-BEFR.png\" target=\"_blank\" rel=\"noopener\"><img decoding=\"async\" class=\"aligncenter wp-image-12606 size-large\" src=\"https:\/\/manpowergroup.be\/wp-content\/uploads\/2024\/09\/6_Regions_-Outlook_-Belgium_Q324_-BEFR-1024x1024.png\" alt=\"\" width=\"1024\" height=\"1024\" srcset=\"https:\/\/manpowergroup.be\/wp-content\/uploads\/2024\/09\/6_Regions_-Outlook_-Belgium_Q324_-BEFR-1024x1024.png 1024w, https:\/\/manpowergroup.be\/wp-content\/uploads\/2024\/09\/6_Regions_-Outlook_-Belgium_Q324_-BEFR-300x300.png 300w, https:\/\/manpowergroup.be\/wp-content\/uploads\/2024\/09\/6_Regions_-Outlook_-Belgium_Q324_-BEFR-150x150.png 150w, https:\/\/manpowergroup.be\/wp-content\/uploads\/2024\/09\/6_Regions_-Outlook_-Belgium_Q324_-BEFR-768x768.png 768w, https:\/\/manpowergroup.be\/wp-content\/uploads\/2024\/09\/6_Regions_-Outlook_-Belgium_Q324_-BEFR-1536x1536.png 1536w, https:\/\/manpowergroup.be\/wp-content\/uploads\/2024\/09\/6_Regions_-Outlook_-Belgium_Q324_-BEFR-2048x2048.png 2048w, https:\/\/manpowergroup.be\/wp-content\/uploads\/2024\/09\/6_Regions_-Outlook_-Belgium_Q324_-BEFR-146x146.png 146w, https:\/\/manpowergroup.be\/wp-content\/uploads\/2024\/09\/6_Regions_-Outlook_-Belgium_Q324_-BEFR-50x50.png 50w, https:\/\/manpowergroup.be\/wp-content\/uploads\/2024\/09\/6_Regions_-Outlook_-Belgium_Q324_-BEFR-75x75.png 75w, https:\/\/manpowergroup.be\/wp-content\/uploads\/2024\/09\/6_Regions_-Outlook_-Belgium_Q324_-BEFR-85x85.png 85w, https:\/\/manpowergroup.be\/wp-content\/uploads\/2024\/09\/6_Regions_-Outlook_-Belgium_Q324_-BEFR-80x80.png 80w\" sizes=\"(max-width: 1024px) 100vw, 1024px\" \/><\/a><\/p>\n<h2><\/h2>\n<h2><strong>Perspectives d\u2019emploi positives dans 7 des 9 secteurs sond\u00e9s<\/strong><\/h2>\n<p><strong>Les employeurs de 7 des 9 secteurs d\u2019activit\u00e9 sond\u00e9s en Belgique pr\u00e9voient d\u2019augmenter leurs effectifs d\u2019ici la fin du mois de d\u00e9cembre 2024.<\/strong><\/p>\n<p>Les employeurs du secteur des Soins de sant\u00e9 et des sciences du vivant rapportent les intentions les plus fortes \u00e0 un niveau record de +62%, avec plus de 7 employeurs sond\u00e9s sur 10 pr\u00e9voyant d\u2019augmenter leurs effectifs d\u2019ici la fin de l\u2019ann\u00e9e. L\u2019activit\u00e9 de recrutement devrait \u00eatre \u00e9galement particuli\u00e8rement robuste dans le secteur des Activit\u00e9s financi\u00e8res et de l\u2019immobilier (+55%), ainsi que dans le secteur du Transport, de la logistique et de l\u2019automobile (+46%). Les Pr\u00e9visions Nettes d\u2019Emploi enregistr\u00e9es dans le secteur de l\u2019Industrie manufacturi\u00e8re\/Construction\/ Agriculture&amp;P\u00eache et du secteur des Biens &amp; Services de Consommation\/Horeca\/ Retail se situent au m\u00eame niveau que la moyenne nationale (tous deux \u00e0 +27%).<\/p>\n<p>\u00c0 l\u2019inverse, les perspectives d\u2019emploi sont n\u00e9gatives dans les secteurs de l\u2019Energie (-3%) ainsi que dans le secteur des T\u00e9l\u00e9coms\/M\u00e9dias Services de Communication (-28%). \u00c0 l\u2019inverse, les perspectives d\u2019emploi sont n\u00e9gatives dans les secteurs de l\u2019Energie (-3%) ainsi que dans le secteur des T\u00e9l\u00e9coms\/M\u00e9dias \/Services de Communication (-28%).<\/p>\n<p>&nbsp;<\/p>\n<p><img loading=\"lazy\" decoding=\"async\" class=\"aligncenter wp-image-12570 size-large\" src=\"https:\/\/manpowergroup.be\/wp-content\/uploads\/2024\/09\/7_Sectors_-Outlook_-Belgium_Q424_-BEEN-1024x1024.png\" alt=\"\" width=\"1024\" height=\"1024\" srcset=\"https:\/\/manpowergroup.be\/wp-content\/uploads\/2024\/09\/7_Sectors_-Outlook_-Belgium_Q424_-BEEN-1024x1024.png 1024w, https:\/\/manpowergroup.be\/wp-content\/uploads\/2024\/09\/7_Sectors_-Outlook_-Belgium_Q424_-BEEN-300x300.png 300w, https:\/\/manpowergroup.be\/wp-content\/uploads\/2024\/09\/7_Sectors_-Outlook_-Belgium_Q424_-BEEN-150x150.png 150w, https:\/\/manpowergroup.be\/wp-content\/uploads\/2024\/09\/7_Sectors_-Outlook_-Belgium_Q424_-BEEN-768x768.png 768w, https:\/\/manpowergroup.be\/wp-content\/uploads\/2024\/09\/7_Sectors_-Outlook_-Belgium_Q424_-BEEN-1536x1536.png 1536w, https:\/\/manpowergroup.be\/wp-content\/uploads\/2024\/09\/7_Sectors_-Outlook_-Belgium_Q424_-BEEN-2048x2048.png 2048w, https:\/\/manpowergroup.be\/wp-content\/uploads\/2024\/09\/7_Sectors_-Outlook_-Belgium_Q424_-BEEN-146x146.png 146w, https:\/\/manpowergroup.be\/wp-content\/uploads\/2024\/09\/7_Sectors_-Outlook_-Belgium_Q424_-BEEN-50x50.png 50w, https:\/\/manpowergroup.be\/wp-content\/uploads\/2024\/09\/7_Sectors_-Outlook_-Belgium_Q424_-BEEN-75x75.png 75w, https:\/\/manpowergroup.be\/wp-content\/uploads\/2024\/09\/7_Sectors_-Outlook_-Belgium_Q424_-BEEN-85x85.png 85w, https:\/\/manpowergroup.be\/wp-content\/uploads\/2024\/09\/7_Sectors_-Outlook_-Belgium_Q424_-BEEN-80x80.png 80w\" sizes=\"(max-width: 1024px) 100vw, 1024px\" \/><\/p>\n<h2><\/h2>\n<h2><strong>Intentions de recrutement contrast\u00e9es selon la taille des entreprises<\/strong><\/h2>\n<p>Au niveau des segments d\u2019entreprise, l\u2019activit\u00e9 de recrutement devrait \u00eatre la plus favorable dans le segment des entreprises employant plus de 5 000 travailleurs au niveau mondial (+51%), tandis que les entreprises employant moins de 10 travailleurs rapportent la Pr\u00e9vision Nette d\u2019Emploi la plus faible et la seule n\u00e9gative (-9%). <strong><em>\u00ab Ces deux chiffres illustrent le r\u00f4le moteur de l\u2019\u00e9chelle sur les march\u00e9s de l\u2019emploi actuels, mais \u00e9galement la vuln\u00e9rabilit\u00e9 des petites structures dans un contexte \u00e9conomique difficile tel que celui que nous connaissons aujourd\u2019hui \u00bb,<\/em> ajoute S\u00e9bastien Delfosse.<\/strong><\/p>\n<p><strong>\u00a0<\/strong><\/p>\n<p><a href=\"https:\/\/manpowergroup.be\/wp-content\/uploads\/2024\/09\/8_CompanySize_-Outlook_-Belgium_Q424_-BEFR.png\" target=\"_blank\" rel=\"noopener\"><img loading=\"lazy\" decoding=\"async\" class=\"aligncenter wp-image-12616 size-large\" src=\"https:\/\/manpowergroup.be\/wp-content\/uploads\/2024\/09\/8_CompanySize_-Outlook_-Belgium_Q424_-BEFR-1024x1024.png\" alt=\"\" width=\"1024\" height=\"1024\" srcset=\"https:\/\/manpowergroup.be\/wp-content\/uploads\/2024\/09\/8_CompanySize_-Outlook_-Belgium_Q424_-BEFR-1024x1024.png 1024w, https:\/\/manpowergroup.be\/wp-content\/uploads\/2024\/09\/8_CompanySize_-Outlook_-Belgium_Q424_-BEFR-300x300.png 300w, https:\/\/manpowergroup.be\/wp-content\/uploads\/2024\/09\/8_CompanySize_-Outlook_-Belgium_Q424_-BEFR-150x150.png 150w, https:\/\/manpowergroup.be\/wp-content\/uploads\/2024\/09\/8_CompanySize_-Outlook_-Belgium_Q424_-BEFR-768x768.png 768w, https:\/\/manpowergroup.be\/wp-content\/uploads\/2024\/09\/8_CompanySize_-Outlook_-Belgium_Q424_-BEFR-1536x1536.png 1536w, https:\/\/manpowergroup.be\/wp-content\/uploads\/2024\/09\/8_CompanySize_-Outlook_-Belgium_Q424_-BEFR-2048x2048.png 2048w, https:\/\/manpowergroup.be\/wp-content\/uploads\/2024\/09\/8_CompanySize_-Outlook_-Belgium_Q424_-BEFR-146x146.png 146w, https:\/\/manpowergroup.be\/wp-content\/uploads\/2024\/09\/8_CompanySize_-Outlook_-Belgium_Q424_-BEFR-50x50.png 50w, https:\/\/manpowergroup.be\/wp-content\/uploads\/2024\/09\/8_CompanySize_-Outlook_-Belgium_Q424_-BEFR-75x75.png 75w, https:\/\/manpowergroup.be\/wp-content\/uploads\/2024\/09\/8_CompanySize_-Outlook_-Belgium_Q424_-BEFR-85x85.png 85w, https:\/\/manpowergroup.be\/wp-content\/uploads\/2024\/09\/8_CompanySize_-Outlook_-Belgium_Q424_-BEFR-80x80.png 80w\" sizes=\"(max-width: 1024px) 100vw, 1024px\" \/><\/a><\/p>\n<h2><strong>March\u00e9 de l\u2019emploi sous pression au niveau mondial<\/strong><\/h2>\n<p>L\u2019analyse des r\u00e9sultats de l\u2019enqu\u00eate men\u00e9e par ManpowerGroup aupr\u00e8s de plus de 40.000 employeurs \u00e0 travers le monde indique un recul de la Pr\u00e9vision Nette d\u2019Emploi sur base annuelle dans 30 des 42 pays sond\u00e9s au niveau mondial\u00a0 et dans 15 pays sur 23 dans la r\u00e9gion EMEA (Europe, Moyen-Orient, Afrique). Les perspectives d\u2019emploi restent n\u00e9anmoins positives dans tous les pays sond\u00e9s. La Pr\u00e9vision Nette d\u2019Emploi s\u2019\u00e9l\u00e8ve \u00e0 +25%, au l\u00e9g\u00e8re hausse de 3 points par rapport\u00a0 au trimestre pr\u00e9c\u00e9dent, mais en baisse de 5 points par rapport au 4e trimestre 2024. \u00a0Les employeurs en Inde (+37%), au Costa Ricca (+36%) et aux \u00c9tats-Unis (+34%) se montrent les plus optimistes, tandis que leurs homologues en Isra\u00ebl (+8%) et en Argentine (+4%) se montrent les plus pessimistes.<\/p>\n<p><strong>Avec une Pr\u00e9vision Nette d\u2019Emploi \u00e0 +27%, la Belgique \u00a0se situe 2 points au-dessus de la moyenne mondiale (+25%) et 6 points au-dessus de la moyenne de la r\u00e9gion EMEA (+21%).\u00a0<\/strong> Notre pays occupe la cinqui\u00e8me place sur 21 au niveau europ\u00e9en, derri\u00e8re la Suisse (+32%), l\u2019Irlande (+30%), les Pays-Bas (+30%) et le Royaume-Uni (+28%), mais devant plusieurs pays dont la France\u00a0 (+22%), l\u2019Allemagne (+22%), l\u2019Espagne (+20%), l\u2019Italie (+19%),\u00a0 la Pologne (+15%),\u00a0 la Su\u00e8de (+13%) et la R\u00e9publique tch\u00e8que (+11%).<\/p>\n<p>Ailleurs dans le monde, les perspectives d\u2019emploi sont en recul sur base annuelle aux Etats-Unis (+34%), au Br\u00e9sil (+32%) et en Chine (+27%), tandis qu\u2019elles sont en l\u00e9g\u00e8re hausse mais toujours \u00e0 un niveau tr\u00e8s faible au Japon (+12%).<\/p>\n<p>&nbsp;<\/p>\n<p><img loading=\"lazy\" decoding=\"async\" class=\"aligncenter wp-image-12619 size-large\" src=\"https:\/\/manpowergroup.be\/wp-content\/uploads\/2024\/09\/9_Global_-Outlook_-Q424_-BEFR-1024x1024.png\" alt=\"\" width=\"1024\" height=\"1024\" srcset=\"https:\/\/manpowergroup.be\/wp-content\/uploads\/2024\/09\/9_Global_-Outlook_-Q424_-BEFR-1024x1024.png 1024w, https:\/\/manpowergroup.be\/wp-content\/uploads\/2024\/09\/9_Global_-Outlook_-Q424_-BEFR-300x300.png 300w, https:\/\/manpowergroup.be\/wp-content\/uploads\/2024\/09\/9_Global_-Outlook_-Q424_-BEFR-150x150.png 150w, https:\/\/manpowergroup.be\/wp-content\/uploads\/2024\/09\/9_Global_-Outlook_-Q424_-BEFR-768x768.png 768w, https:\/\/manpowergroup.be\/wp-content\/uploads\/2024\/09\/9_Global_-Outlook_-Q424_-BEFR-1536x1536.png 1536w, https:\/\/manpowergroup.be\/wp-content\/uploads\/2024\/09\/9_Global_-Outlook_-Q424_-BEFR-2048x2048.png 2048w, https:\/\/manpowergroup.be\/wp-content\/uploads\/2024\/09\/9_Global_-Outlook_-Q424_-BEFR-146x146.png 146w, https:\/\/manpowergroup.be\/wp-content\/uploads\/2024\/09\/9_Global_-Outlook_-Q424_-BEFR-50x50.png 50w, https:\/\/manpowergroup.be\/wp-content\/uploads\/2024\/09\/9_Global_-Outlook_-Q424_-BEFR-75x75.png 75w, https:\/\/manpowergroup.be\/wp-content\/uploads\/2024\/09\/9_Global_-Outlook_-Q424_-BEFR-85x85.png 85w, https:\/\/manpowergroup.be\/wp-content\/uploads\/2024\/09\/9_Global_-Outlook_-Q424_-BEFR-80x80.png 80w\" sizes=\"(max-width: 1024px) 100vw, 1024px\" \/><\/p>\n<p>&nbsp;<\/p>\n<p>&nbsp;<\/p>\n<p><strong><em>Les r\u00e9sultats de la prochaine \u00e9dition du Barom\u00e8tre ManpowerGroup des perspectives d\u2019emploi seront diffus\u00e9s le\u00a010 d\u00e9cembre 2024 (1er trimestre 2025).<\/em><\/strong><\/p>\n<p>(1) La valeur de la Pr\u00e9vision Nette d&rsquo;Emploi est obtenue en d\u00e9duisant du pourcentage des employeurs anticipant une hausse de l&#8217;emploi total, le pourcentage des employeurs pr\u00e9voyant une baisse de l&#8217;emploi dans leur entreprise pour le trimestre suivant. Il s&rsquo;agit donc ici du solde net des pr\u00e9visions d&#8217;emploi, qui peut \u00eatre aussi bien positif que n\u00e9gatif. Les commentaires se basent sur les donn\u00e9es d\u00e9saisonnalis\u00e9es, lorsqu\u2019elles sont disponibles.<\/p>\n<h3 style=\"text-align: center;\"><a href=\"https:\/\/manpowergroup.be\/wp-content\/uploads\/2024\/09\/BE_EN_MEOS_Report_Q424.pdf\" target=\"_blank\" rel=\"noopener\"><strong>Rapport\u00a0 : Barom\u00e8tre de l&#8217;emploi de ManpowerGroup\u00a0 Q4\/2024<\/strong><\/a><\/h3>\n<p>&nbsp;<\/p>\n<p><a href=\"https:\/\/manpowergroup.be\/wp-content\/uploads\/2024\/09\/BE_EN_MEOS_Report_Q424-1.pdf\" target=\"_blank\" rel=\"noopener\"><img loading=\"lazy\" decoding=\"async\" class=\"aligncenter wp-image-12622 size-large\" src=\"https:\/\/manpowergroup.be\/wp-content\/uploads\/2024\/09\/1_meos-_Q424_-BEFR-1024x1024.png\" alt=\"\" width=\"1024\" height=\"1024\" srcset=\"https:\/\/manpowergroup.be\/wp-content\/uploads\/2024\/09\/1_meos-_Q424_-BEFR-1024x1024.png 1024w, https:\/\/manpowergroup.be\/wp-content\/uploads\/2024\/09\/1_meos-_Q424_-BEFR-300x300.png 300w, https:\/\/manpowergroup.be\/wp-content\/uploads\/2024\/09\/1_meos-_Q424_-BEFR-150x150.png 150w, https:\/\/manpowergroup.be\/wp-content\/uploads\/2024\/09\/1_meos-_Q424_-BEFR-768x768.png 768w, https:\/\/manpowergroup.be\/wp-content\/uploads\/2024\/09\/1_meos-_Q424_-BEFR-1536x1536.png 1536w, https:\/\/manpowergroup.be\/wp-content\/uploads\/2024\/09\/1_meos-_Q424_-BEFR-2048x2048.png 2048w, https:\/\/manpowergroup.be\/wp-content\/uploads\/2024\/09\/1_meos-_Q424_-BEFR-146x146.png 146w, https:\/\/manpowergroup.be\/wp-content\/uploads\/2024\/09\/1_meos-_Q424_-BEFR-50x50.png 50w, https:\/\/manpowergroup.be\/wp-content\/uploads\/2024\/09\/1_meos-_Q424_-BEFR-75x75.png 75w, https:\/\/manpowergroup.be\/wp-content\/uploads\/2024\/09\/1_meos-_Q424_-BEFR-85x85.png 85w, https:\/\/manpowergroup.be\/wp-content\/uploads\/2024\/09\/1_meos-_Q424_-BEFR-80x80.png 80w\" sizes=\"(max-width: 1024px) 100vw, 1024px\" \/><\/a><\/p>\n","protected":false},"excerpt":{"rendered":"<p>Le Barom\u00e8tre de l\u2019emploi de ManpowerGroup pour le 4e trimestre 2024 laisse appara\u00eetre des signes d\u2019am\u00e9lioration sur base trimestrielle (hausse de 2%). Cependant, \u00a0la Pr\u00e9vision Nette<span class=\"excerpt-hellip\"> [\u2026]<\/span><\/p>\n","protected":false},"author":3,"featured_media":12640,"comment_status":"open","ping_status":"open","sticky":false,"template":"","format":"standard","meta":{"footnotes":""},"categories":[24],"tags":[803],"class_list":["post-12557","post","type-post","status-publish","format-standard","has-post-thumbnail","hentry","category-actualites","tag-barometre-manpowergroupe"],"_links":{"self":[{"href":"https:\/\/manpowergroup.be\/fr\/wp-json\/wp\/v2\/posts\/12557","targetHints":{"allow":["GET"]}}],"collection":[{"href":"https:\/\/manpowergroup.be\/fr\/wp-json\/wp\/v2\/posts"}],"about":[{"href":"https:\/\/manpowergroup.be\/fr\/wp-json\/wp\/v2\/types\/post"}],"author":[{"embeddable":true,"href":"https:\/\/manpowergroup.be\/fr\/wp-json\/wp\/v2\/users\/3"}],"replies":[{"embeddable":true,"href":"https:\/\/manpowergroup.be\/fr\/wp-json\/wp\/v2\/comments?post=12557"}],"version-history":[{"count":5,"href":"https:\/\/manpowergroup.be\/fr\/wp-json\/wp\/v2\/posts\/12557\/revisions"}],"predecessor-version":[{"id":12682,"href":"https:\/\/manpowergroup.be\/fr\/wp-json\/wp\/v2\/posts\/12557\/revisions\/12682"}],"wp:featuredmedia":[{"embeddable":true,"href":"https:\/\/manpowergroup.be\/fr\/wp-json\/wp\/v2\/media\/12640"}],"wp:attachment":[{"href":"https:\/\/manpowergroup.be\/fr\/wp-json\/wp\/v2\/media?parent=12557"}],"wp:term":[{"taxonomy":"category","embeddable":true,"href":"https:\/\/manpowergroup.be\/fr\/wp-json\/wp\/v2\/categories?post=12557"},{"taxonomy":"post_tag","embeddable":true,"href":"https:\/\/manpowergroup.be\/fr\/wp-json\/wp\/v2\/tags?post=12557"}],"curies":[{"name":"wp","href":"https:\/\/api.w.org\/{rel}","templated":true}]}}